{"id":2307,"date":"2024-05-26T18:21:16","date_gmt":"2024-05-26T18:21:16","guid":{"rendered":"https:\/\/www.viajandoamiritmo.com\/?p=2307"},"modified":"2024-05-26T18:21:18","modified_gmt":"2024-05-26T18:21:18","slug":"que-ver-en-logrono-en-1-dia","status":"publish","type":"post","link":"https:\/\/www.viajandoamiritmo.com\/?p=2307","title":{"rendered":"QU\u00c9 VER EN LOGRO\u00d1O EN 1 D\u00cdA"},"content":{"rendered":"\n<p><strong>Logro\u00f1o<\/strong>, la capital de <strong>La Rioja<\/strong>, es una ciudad llena de tradiciones, historia y atractivos tur\u00edsticos.<\/p>\n\n\n\n<p>No es una ciudad muy grande ni en la que tengas que recorrer largas distancias para visitarla, puedes pasear por el casco antiguo, fij\u00e1ndote en los detalles, disfrutando del momento y , por supuesto, probando sus vinos y su gastronom\u00eda.\u00a0<\/p>\n\n\n\n<p>Atravesada por el R\u00edo Ebro y parada obligatoria del <strong>Camino de Santiago Franc\u00e9s<\/strong>, esta ciudad est\u00e1 entre las mejores para vivir de Espa\u00f1a.<\/p>\n\n\n\n<p>Te dejo una lista de 10 lugares que visitar en tu visita a la <strong>ciudad de Logro\u00f1o<\/strong>.<\/p>\n\n\n\n<ol class=\"wp-block-list\">\n<li>Concatedral de Santa Maria de la Redonda<\/li>\n\n\n\n<li>Restos de la muralla de Logro\u00f1o<\/li>\n\n\n\n<li>Puente de Piedra<\/li>\n\n\n\n<li>Calle Ruavieja<\/li>\n\n\n\n<li>Teatro Bret\u00f3n de los Herreros<\/li>\n\n\n\n<li>Plaza de Santiago<\/li>\n\n\n\n<li>Iglesia de Santiago el Real<\/li>\n\n\n\n<li>Puente de Hierro<\/li>\n\n\n\n<li>Mercado de Abastos de Logro\u00f1o<\/li>\n\n\n\n<li>Calle Laurel<\/li>\n<\/ol>\n\n\n\n<figure class=\"wp-block-gallery has-nested-images columns-default is-cropped wp-block-gallery-1 is-layout-flex wp-block-gallery-is-layout-flex\">\n<figure class=\"wp-block-image size-large\"><a href=\"https:\/\/www.viajandoamiritmo.com\/wp-content\/uploads\/2024\/05\/IMG_9388-en-tamano-mediano.jpeg\"><img fetchpriority=\"high\" decoding=\"async\" width=\"480\" height=\"640\" data-id=\"2320\" src=\"https:\/\/www.viajandoamiritmo.com\/wp-content\/uploads\/2024\/05\/IMG_9388-en-tamano-mediano.jpeg\" alt=\"\" class=\"wp-image-2320\"\/><\/a><\/figure>\n\n\n\n<figure class=\"wp-block-image size-large\"><a href=\"https:\/\/www.viajandoamiritmo.com\/wp-content\/uploads\/2024\/05\/IMG_9458-en-tamano-mediano.jpeg\"><img decoding=\"async\" width=\"480\" height=\"640\" data-id=\"2322\" src=\"https:\/\/www.viajandoamiritmo.com\/wp-content\/uploads\/2024\/05\/IMG_9458-en-tamano-mediano.jpeg\" alt=\"\" class=\"wp-image-2322\"\/><\/a><\/figure>\n\n\n\n<figure class=\"wp-block-image size-large\"><a href=\"https:\/\/www.viajandoamiritmo.com\/wp-content\/uploads\/2024\/05\/IMG_9389-en-tamano-mediano.jpeg\"><img decoding=\"async\" width=\"480\" height=\"640\" data-id=\"2321\" src=\"https:\/\/www.viajandoamiritmo.com\/wp-content\/uploads\/2024\/05\/IMG_9389-en-tamano-mediano.jpeg\" alt=\"\" class=\"wp-image-2321\"\/><\/a><\/figure>\n<\/figure>\n\n\n\n<ol class=\"wp-block-list\">\n<li class=\"has-medium-font-size\"><strong>Concatedral de Santa Maria de la Redonda<\/strong><\/li>\n<\/ol>\n\n\n\n<p>Situada en pleno centro, en la <strong>Plaza del Mercado<\/strong>, junto a la <strong>calle Portales<\/strong>, la Concatedral fue construida a lo largo de los siglos XVI, XVII y XVIII.<\/p>\n\n\n\n<figure class=\"wp-block-image size-full\"><a href=\"http:\/\/www.viajandoamiritmo.com\/wp-content\/uploads\/2024\/05\/IMG_9354-2-en-tamano-mediano.jpeg\"><img loading=\"lazy\" decoding=\"async\" width=\"480\" height=\"640\" src=\"http:\/\/www.viajandoamiritmo.com\/wp-content\/uploads\/2024\/05\/IMG_9354-2-en-tamano-mediano.jpeg\" alt=\"\" class=\"wp-image-2312\"\/><\/a><\/figure>\n\n\n\n<p><em>\u00bfPorqu\u00e9 Concatedral y no Catedral a secas?<\/em><\/p>\n\n\n\n<p>Porqu\u00e9 comparte sede de la di\u00f3cesis de La Rioja junto con la <strong>Catedral de Santo Domingo de La Calzada<\/strong> y <strong>la de Calahorra.<\/strong><\/p>\n\n\n\n<p>En su interior se encuentran piezas como <strong>\u201cEl calvario de La Rioja\u201d<\/strong> o seis tablas flamencas de Gillis de Goingnet.<\/p>\n\n\n\n<p class=\"has-medium-font-size\"><strong>2. Restos de la muralla de Logro\u00f1o<\/strong><\/p>\n\n\n\n<p>Al igual que sucede en otras ciudades, <strong>Logro\u00f1o<\/strong> tambi\u00e9n cuenta con murallas que protegieron la ciudad, en su momento.<\/p>\n\n\n\n<p>Todav\u00eda se conservan partes de \u00e9sta junto al r\u00edo, adem\u00e1s del <strong>Cubo de Revell\u00edn<\/strong>, que fue sala de cine en su d\u00eda y ahora recoge una peque\u00f1a muestra de la historia de la ciudad y de <strong>La Rioja<\/strong>.<\/p>\n\n\n\n<p>Por esta <strong>Puerta del Camino<\/strong> (m\u00e1s tarde conocida como del Revell\u00edn) Carlos V y su hijo Felipe hicieron su entrada a la ciudad el 7 de junio de 1542.<\/p>\n\n\n\n<p class=\"has-medium-font-size\"><strong>3. Puente de Piedra<\/strong><\/p>\n\n\n\n<p>En <strong>Logro\u00f1o<\/strong> hay un total de 4 puentes, pero este es uno de los m\u00e1s importantes.\u00a0<\/p>\n\n\n\n<p>Su nombre oficial es <strong>Puente de San Juan de Ortega<\/strong>, es a trav\u00e9s del que acceden los peregrinos que llegan a Logro\u00f1o.\u00a0<\/p>\n\n\n\n<p>Tan importante es este puente para la ciudad, que aparece en su escudo.<\/p>\n\n\n\n<p class=\"has-medium-font-size\"><strong>4. Calle Ruavieja<\/strong><\/p>\n\n\n\n<p>Es una de las calles m\u00e1s bellas y pintorescas de <strong>Logro\u00f1o<\/strong>.<\/p>\n\n\n\n<p>En esta calle todav\u00eda se conservan 9 calados.<\/p>\n\n\n\n<figure class=\"wp-block-image size-full\"><a href=\"http:\/\/www.viajandoamiritmo.com\/wp-content\/uploads\/2024\/05\/IMG_9498-en-tamano-mediano.jpeg\"><img loading=\"lazy\" decoding=\"async\" width=\"480\" height=\"640\" src=\"http:\/\/www.viajandoamiritmo.com\/wp-content\/uploads\/2024\/05\/IMG_9498-en-tamano-mediano.jpeg\" alt=\"\" class=\"wp-image-2323\"\/><\/a><\/figure>\n\n\n\n<p class=\"has-medium-font-size\"><strong>5. Teatro Bret\u00f3n de los Herreros<\/strong><\/p>\n\n\n\n<p>Es uno de los teatros m\u00e1s famosos de Espa\u00f1a. Es un edificio de estilo neocl\u00e1sico, de finales del siglo XIX. En 1983 fue declarado <strong>Bien de Inter\u00e9s Cultural<\/strong>, un sitio perfecto para disfrutar de algunas de sus obras.<\/p>\n\n\n\n<figure class=\"wp-block-image size-full\"><a href=\"http:\/\/www.viajandoamiritmo.com\/wp-content\/uploads\/2024\/05\/IMG_9384-en-tamano-mediano.jpeg\"><img loading=\"lazy\" decoding=\"async\" width=\"640\" height=\"480\" src=\"http:\/\/www.viajandoamiritmo.com\/wp-content\/uploads\/2024\/05\/IMG_9384-en-tamano-mediano.jpeg\" alt=\"\" class=\"wp-image-2314\" srcset=\"https:\/\/www.viajandoamiritmo.com\/wp-content\/uploads\/2024\/05\/IMG_9384-en-tamano-mediano.jpeg 640w, https:\/\/www.viajandoamiritmo.com\/wp-content\/uploads\/2024\/05\/IMG_9384-en-tamano-mediano-585x439.jpeg 585w\" sizes=\"(max-width: 640px) 100vw, 640px\" \/><\/a><\/figure>\n\n\n\n<p class=\"has-medium-font-size\"><strong>6. Plaza de Santiago<\/strong><\/p>\n\n\n\n<p>Popularmente conocida como <strong>\u201cPlaza de La Oca\u201d<\/strong>, ya que en el suelo hay un juego de La Oca, en honor a las diferentes paradas del <strong>Camino de Santiago<\/strong>.<\/p>\n\n\n\n<p>Este es uno de los lugares que no te puedes perder en <strong>Logro\u00f1o<\/strong>, pues aqu\u00ed se encuentra la <strong>Iglesia de Santiago el Real.<\/strong><\/p>\n\n\n\n<p class=\"has-medium-font-size\"><strong>7. Iglesia de Santiago el Real<\/strong><\/p>\n\n\n\n<p>A escasos metros de la <strong>Plaza de Santiago<\/strong> se encuentra una de las iglesias m\u00e1s visitadas al estar en pleno centro.\u00a0<\/p>\n\n\n\n<p>Es de parada obligatoria para aquellos que hacen el Camino de Santiago (especialmente por motivos religiosos).<\/p>\n\n\n\n<p>En su interior se encuentra la patrona de la ciudad, la <strong>Virgen de la Esperanza.<\/strong><\/p>\n\n\n\n<figure class=\"wp-block-gallery has-nested-images columns-default is-cropped wp-block-gallery-2 is-layout-flex wp-block-gallery-is-layout-flex\">\n<figure class=\"wp-block-image size-large\"><a href=\"https:\/\/www.viajandoamiritmo.com\/wp-content\/uploads\/2024\/05\/IMG_9447-en-tamano-mediano.jpeg\"><img loading=\"lazy\" decoding=\"async\" width=\"480\" height=\"640\" data-id=\"2317\" src=\"https:\/\/www.viajandoamiritmo.com\/wp-content\/uploads\/2024\/05\/IMG_9447-en-tamano-mediano.jpeg\" alt=\"\" class=\"wp-image-2317\"\/><\/a><\/figure>\n\n\n\n<figure class=\"wp-block-image size-large\"><a href=\"https:\/\/www.viajandoamiritmo.com\/wp-content\/uploads\/2024\/05\/IMG_9446-en-tamano-mediano.jpeg\"><img loading=\"lazy\" decoding=\"async\" width=\"480\" height=\"640\" data-id=\"2316\" src=\"https:\/\/www.viajandoamiritmo.com\/wp-content\/uploads\/2024\/05\/IMG_9446-en-tamano-mediano.jpeg\" alt=\"\" class=\"wp-image-2316\"\/><\/a><\/figure>\n<\/figure>\n\n\n\n<p class=\"has-medium-font-size\"><strong>8. Puente de Hierro<\/strong><\/p>\n\n\n\n<p>Otro de los puentes m\u00e1s representativos de la ciudad de <strong>Logro\u00f1o<\/strong>. Es considerado el m\u00e1s antiguo de la ciudad, fue inaugurado en 1882.<\/p>\n\n\n\n<figure class=\"wp-block-image size-full\"><a href=\"http:\/\/www.viajandoamiritmo.com\/wp-content\/uploads\/2024\/05\/IMG_9463-en-tamano-mediano.jpeg\"><img loading=\"lazy\" decoding=\"async\" width=\"480\" height=\"640\" src=\"http:\/\/www.viajandoamiritmo.com\/wp-content\/uploads\/2024\/05\/IMG_9463-en-tamano-mediano.jpeg\" alt=\"\" class=\"wp-image-2318\"\/><\/a><figcaption class=\"wp-element-caption\">Puente de Hierro<\/figcaption><\/figure>\n\n\n\n<p>Durante mucho tiempo este puente fue el de entrada al centro de la ciudad.<\/p>\n\n\n\n<p class=\"has-medium-font-size\"><strong>9. Mercado de Abastos de Logro\u00f1o<\/strong><\/p>\n\n\n\n<p>Su nombre es <strong>Mercado de San Blas<\/strong>, cada d\u00eda los agricultores y ganaderos llevan los productos de temporada de sus tierras, es el mejor lugar para conocerlos.<\/p>\n\n\n\n<p>Dentro del propio mercado, se organizan jornadas de degustaciones y jornadas gastron\u00f3micas.<\/p>\n\n\n\n<p class=\"has-medium-font-size\"><strong>10. Calle Laurel<\/strong><\/p>\n\n\n\n<p>La m\u00e1s famosa de todas y que no te puedes perder sin duda. Sobretodo si lo que quieres es disfrutar de su pinchos y de la variedad de vinos de esta tierra.<\/p>\n\n\n\n<p>Situada en pleno centro de la ciudad, esta calle estrecha repleta de bares es uno de los lugares qu\u00e9 visitar en <strong>Logro\u00f1o<\/strong>.<\/p>\n\n\n\n<p>Puedes empezar probando las patatas bravas de la <strong>Taberna del Laurel<\/strong> y continuar por los champis del <strong>Bar Angel.<\/strong><\/p>\n\n\n\n<figure class=\"wp-block-gallery has-nested-images columns-default is-cropped wp-block-gallery-3 is-layout-flex wp-block-gallery-is-layout-flex\">\n<figure class=\"wp-block-image size-large\"><a href=\"https:\/\/www.viajandoamiritmo.com\/wp-content\/uploads\/2024\/05\/IMG_9258-en-tamano-mediano.jpeg\"><img loading=\"lazy\" decoding=\"async\" width=\"480\" height=\"640\" data-id=\"2311\" src=\"https:\/\/www.viajandoamiritmo.com\/wp-content\/uploads\/2024\/05\/IMG_9258-en-tamano-mediano.jpeg\" alt=\"\" class=\"wp-image-2311\"\/><\/a><figcaption class=\"wp-element-caption\">Patatas bravas<\/figcaption><\/figure>\n\n\n\n<figure class=\"wp-block-image size-large\"><a href=\"https:\/\/www.viajandoamiritmo.com\/wp-content\/uploads\/2024\/05\/IMG_9242-2-en-tamano-mediano.jpeg\"><img loading=\"lazy\" decoding=\"async\" width=\"480\" height=\"640\" data-id=\"2309\" src=\"https:\/\/www.viajandoamiritmo.com\/wp-content\/uploads\/2024\/05\/IMG_9242-2-en-tamano-mediano.jpeg\" alt=\"\" class=\"wp-image-2309\"\/><\/a><figcaption class=\"wp-element-caption\">Calle Laurel<\/figcaption><\/figure>\n\n\n\n<figure class=\"wp-block-image size-large\"><a href=\"https:\/\/www.viajandoamiritmo.com\/wp-content\/uploads\/2024\/05\/IMG_9251-en-tamano-mediano.jpeg\"><img loading=\"lazy\" decoding=\"async\" width=\"480\" height=\"640\" data-id=\"2310\" src=\"https:\/\/www.viajandoamiritmo.com\/wp-content\/uploads\/2024\/05\/IMG_9251-en-tamano-mediano.jpeg\" alt=\"\" class=\"wp-image-2310\"\/><\/a><figcaption class=\"wp-element-caption\">Los champis<\/figcaption><\/figure>\n<\/figure>\n\n\n\n<p>\u00bfTe animas a vistar <strong>Logro\u00f1o<\/strong>?<\/p>\n","protected":false},"excerpt":{"rendered":"<p>Logro\u00f1o, la capital de La Rioja, es una ciudad llena de tradiciones, historia y atractivos tur\u00edsticos. No es una ciudad muy grande ni en la que tengas que recorrer largas distancias para visitarla, puedes pasear por el casco antiguo, fij\u00e1ndote en los detalles, disfrutando del momento y , por supuesto, probando sus vinos y su<\/p>\n","protected":false},"author":1,"featured_media":2315,"comment_status":"open","ping_status":"open","sticky":false,"template":"","format":"standard","meta":{"footnotes":""},"categories":[69,68,67,10],"tags":[],"class_list":["post-2307","post","type-post","status-publish","format-standard","has-post-thumbnail","hentry","category-espana","category-la-rioja","category-logrono","category-travel"],"yoast_head":"<!-- This site is optimized with the Yoast SEO plugin v24.4 - https:\/\/yoast.com\/wordpress\/plugins\/seo\/ -->\n<title>QU\u00c9 VER EN LOGRO\u00d1O EN 1 D\u00cdA - Viajando a mi ritmo<\/title>\n<meta name=\"robots\" content=\"index, follow, max-snippet:-1, max-image-preview:large, max-video-preview:-1\" \/>\n<link rel=\"canonical\" href=\"https:\/\/www.viajandoamiritmo.com\/?p=2307\" \/>\n<meta property=\"og:locale\" content=\"es_ES\" \/>\n<meta property=\"og:type\" content=\"article\" \/>\n<meta property=\"og:title\" content=\"QU\u00c9 VER EN LOGRO\u00d1O EN 1 D\u00cdA - Viajando a mi ritmo\" \/>\n<meta property=\"og:description\" content=\"Logro\u00f1o, la capital de La Rioja, es una ciudad llena de tradiciones, historia y atractivos tur\u00edsticos. No es una ciudad muy grande ni en la que tengas que recorrer largas distancias para visitarla, puedes pasear por el casco antiguo, fij\u00e1ndote en los detalles, disfrutando del momento y , por supuesto, probando sus vinos y su\" \/>\n<meta property=\"og:url\" content=\"https:\/\/www.viajandoamiritmo.com\/?p=2307\" \/>\n<meta property=\"og:site_name\" content=\"Viajando a mi ritmo\" \/>\n<meta property=\"article:published_time\" content=\"2024-05-26T18:21:16+00:00\" \/>\n<meta property=\"article:modified_time\" content=\"2024-05-26T18:21:18+00:00\" \/>\n<meta property=\"og:image\" content=\"http:\/\/www.viajandoamiritmo.com\/wp-content\/uploads\/2024\/05\/IMG_9395-en-tamano-mediano.jpeg\" \/>\n\t<meta property=\"og:image:width\" content=\"480\" \/>\n\t<meta property=\"og:image:height\" content=\"640\" \/>\n\t<meta property=\"og:image:type\" content=\"image\/jpeg\" \/>\n<meta name=\"author\" content=\"GEMMA\" \/>\n<meta name=\"twitter:card\" content=\"summary_large_image\" \/>\n<meta name=\"twitter:label1\" content=\"Escrito por\" \/>\n\t<meta name=\"twitter:data1\" content=\"GEMMA\" \/>\n\t<meta name=\"twitter:label2\" content=\"Tiempo de lectura\" \/>\n\t<meta name=\"twitter:data2\" content=\"4 minutos\" \/>\n<script type=\"application\/ld+json\" class=\"yoast-schema-graph\">{\"@context\":\"https:\/\/schema.org\",\"@graph\":[{\"@type\":\"WebPage\",\"@id\":\"https:\/\/www.viajandoamiritmo.com\/?p=2307\",\"url\":\"https:\/\/www.viajandoamiritmo.com\/?p=2307\",\"name\":\"QU\u00c9 VER EN LOGRO\u00d1O EN 1 D\u00cdA - Viajando a mi ritmo\",\"isPartOf\":{\"@id\":\"https:\/\/www.viajandoamiritmo.com\/#website\"},\"primaryImageOfPage\":{\"@id\":\"https:\/\/www.viajandoamiritmo.com\/?p=2307#primaryimage\"},\"image\":{\"@id\":\"https:\/\/www.viajandoamiritmo.com\/?p=2307#primaryimage\"},\"thumbnailUrl\":\"https:\/\/www.viajandoamiritmo.com\/wp-content\/uploads\/2024\/05\/IMG_9395-en-tamano-mediano.jpeg\",\"datePublished\":\"2024-05-26T18:21:16+00:00\",\"dateModified\":\"2024-05-26T18:21:18+00:00\",\"author\":{\"@id\":\"https:\/\/www.viajandoamiritmo.com\/#\/schema\/person\/9e83e33396d592c459870ec2313c690d\"},\"breadcrumb\":{\"@id\":\"https:\/\/www.viajandoamiritmo.com\/?p=2307#breadcrumb\"},\"inLanguage\":\"es\",\"potentialAction\":[{\"@type\":\"ReadAction\",\"target\":[\"https:\/\/www.viajandoamiritmo.com\/?p=2307\"]}]},{\"@type\":\"ImageObject\",\"inLanguage\":\"es\",\"@id\":\"https:\/\/www.viajandoamiritmo.com\/?p=2307#primaryimage\",\"url\":\"https:\/\/www.viajandoamiritmo.com\/wp-content\/uploads\/2024\/05\/IMG_9395-en-tamano-mediano.jpeg\",\"contentUrl\":\"https:\/\/www.viajandoamiritmo.com\/wp-content\/uploads\/2024\/05\/IMG_9395-en-tamano-mediano.jpeg\",\"width\":480,\"height\":640},{\"@type\":\"BreadcrumbList\",\"@id\":\"https:\/\/www.viajandoamiritmo.com\/?p=2307#breadcrumb\",\"itemListElement\":[{\"@type\":\"ListItem\",\"position\":1,\"name\":\"Portada\",\"item\":\"https:\/\/www.viajandoamiritmo.com\/\"},{\"@type\":\"ListItem\",\"position\":2,\"name\":\"QU\u00c9 VER EN LOGRO\u00d1O EN 1 D\u00cdA\"}]},{\"@type\":\"WebSite\",\"@id\":\"https:\/\/www.viajandoamiritmo.com\/#website\",\"url\":\"https:\/\/www.viajandoamiritmo.com\/\",\"name\":\"Viajando a mi ritmo\",\"description\":\"Blog de mis viajes y escapadas\",\"potentialAction\":[{\"@type\":\"SearchAction\",\"target\":{\"@type\":\"EntryPoint\",\"urlTemplate\":\"https:\/\/www.viajandoamiritmo.com\/?s={search_term_string}\"},\"query-input\":{\"@type\":\"PropertyValueSpecification\",\"valueRequired\":true,\"valueName\":\"search_term_string\"}}],\"inLanguage\":\"es\"},{\"@type\":\"Person\",\"@id\":\"https:\/\/www.viajandoamiritmo.com\/#\/schema\/person\/9e83e33396d592c459870ec2313c690d\",\"name\":\"GEMMA\",\"image\":{\"@type\":\"ImageObject\",\"inLanguage\":\"es\",\"@id\":\"https:\/\/www.viajandoamiritmo.com\/#\/schema\/person\/image\/\",\"url\":\"https:\/\/secure.gravatar.com\/avatar\/8882eda02361ba5a1e92e494205d4a27?s=96&d=mm&r=g\",\"contentUrl\":\"https:\/\/secure.gravatar.com\/avatar\/8882eda02361ba5a1e92e494205d4a27?s=96&d=mm&r=g\",\"caption\":\"GEMMA\"},\"url\":\"https:\/\/www.viajandoamiritmo.com\/?author=1\"}]}<\/script>\n<!-- \/ Yoast SEO plugin. -->","yoast_head_json":{"title":"QU\u00c9 VER EN LOGRO\u00d1O EN 1 D\u00cdA - Viajando a mi ritmo","robots":{"index":"index","follow":"follow","max-snippet":"max-snippet:-1","max-image-preview":"max-image-preview:large","max-video-preview":"max-video-preview:-1"},"canonical":"https:\/\/www.viajandoamiritmo.com\/?p=2307","og_locale":"es_ES","og_type":"article","og_title":"QU\u00c9 VER EN LOGRO\u00d1O EN 1 D\u00cdA - Viajando a mi ritmo","og_description":"Logro\u00f1o, la capital de La Rioja, es una ciudad llena de tradiciones, historia y atractivos tur\u00edsticos. No es una ciudad muy grande ni en la que tengas que recorrer largas distancias para visitarla, puedes pasear por el casco antiguo, fij\u00e1ndote en los detalles, disfrutando del momento y , por supuesto, probando sus vinos y su","og_url":"https:\/\/www.viajandoamiritmo.com\/?p=2307","og_site_name":"Viajando a mi ritmo","article_published_time":"2024-05-26T18:21:16+00:00","article_modified_time":"2024-05-26T18:21:18+00:00","og_image":[{"width":480,"height":640,"url":"http:\/\/www.viajandoamiritmo.com\/wp-content\/uploads\/2024\/05\/IMG_9395-en-tamano-mediano.jpeg","type":"image\/jpeg"}],"author":"GEMMA","twitter_card":"summary_large_image","twitter_misc":{"Escrito por":"GEMMA","Tiempo de lectura":"4 minutos"},"schema":{"@context":"https:\/\/schema.org","@graph":[{"@type":"WebPage","@id":"https:\/\/www.viajandoamiritmo.com\/?p=2307","url":"https:\/\/www.viajandoamiritmo.com\/?p=2307","name":"QU\u00c9 VER EN LOGRO\u00d1O EN 1 D\u00cdA - Viajando a mi ritmo","isPartOf":{"@id":"https:\/\/www.viajandoamiritmo.com\/#website"},"primaryImageOfPage":{"@id":"https:\/\/www.viajandoamiritmo.com\/?p=2307#primaryimage"},"image":{"@id":"https:\/\/www.viajandoamiritmo.com\/?p=2307#primaryimage"},"thumbnailUrl":"https:\/\/www.viajandoamiritmo.com\/wp-content\/uploads\/2024\/05\/IMG_9395-en-tamano-mediano.jpeg","datePublished":"2024-05-26T18:21:16+00:00","dateModified":"2024-05-26T18:21:18+00:00","author":{"@id":"https:\/\/www.viajandoamiritmo.com\/#\/schema\/person\/9e83e33396d592c459870ec2313c690d"},"breadcrumb":{"@id":"https:\/\/www.viajandoamiritmo.com\/?p=2307#breadcrumb"},"inLanguage":"es","potentialAction":[{"@type":"ReadAction","target":["https:\/\/www.viajandoamiritmo.com\/?p=2307"]}]},{"@type":"ImageObject","inLanguage":"es","@id":"https:\/\/www.viajandoamiritmo.com\/?p=2307#primaryimage","url":"https:\/\/www.viajandoamiritmo.com\/wp-content\/uploads\/2024\/05\/IMG_9395-en-tamano-mediano.jpeg","contentUrl":"https:\/\/www.viajandoamiritmo.com\/wp-content\/uploads\/2024\/05\/IMG_9395-en-tamano-mediano.jpeg","width":480,"height":640},{"@type":"BreadcrumbList","@id":"https:\/\/www.viajandoamiritmo.com\/?p=2307#breadcrumb","itemListElement":[{"@type":"ListItem","position":1,"name":"Portada","item":"https:\/\/www.viajandoamiritmo.com\/"},{"@type":"ListItem","position":2,"name":"QU\u00c9 VER EN LOGRO\u00d1O EN 1 D\u00cdA"}]},{"@type":"WebSite","@id":"https:\/\/www.viajandoamiritmo.com\/#website","url":"https:\/\/www.viajandoamiritmo.com\/","name":"Viajando a mi ritmo","description":"Blog de mis viajes y escapadas","potentialAction":[{"@type":"SearchAction","target":{"@type":"EntryPoint","urlTemplate":"https:\/\/www.viajandoamiritmo.com\/?s={search_term_string}"},"query-input":{"@type":"PropertyValueSpecification","valueRequired":true,"valueName":"search_term_string"}}],"inLanguage":"es"},{"@type":"Person","@id":"https:\/\/www.viajandoamiritmo.com\/#\/schema\/person\/9e83e33396d592c459870ec2313c690d","name":"GEMMA","image":{"@type":"ImageObject","inLanguage":"es","@id":"https:\/\/www.viajandoamiritmo.com\/#\/schema\/person\/image\/","url":"https:\/\/secure.gravatar.com\/avatar\/8882eda02361ba5a1e92e494205d4a27?s=96&d=mm&r=g","contentUrl":"https:\/\/secure.gravatar.com\/avatar\/8882eda02361ba5a1e92e494205d4a27?s=96&d=mm&r=g","caption":"GEMMA"},"url":"https:\/\/www.viajandoamiritmo.com\/?author=1"}]}},"_links":{"self":[{"href":"https:\/\/www.viajandoamiritmo.com\/index.php?rest_route=\/wp\/v2\/posts\/2307","targetHints":{"allow":["GET"]}}],"collection":[{"href":"https:\/\/www.viajandoamiritmo.com\/index.php?rest_route=\/wp\/v2\/posts"}],"about":[{"href":"https:\/\/www.viajandoamiritmo.com\/index.php?rest_route=\/wp\/v2\/types\/post"}],"author":[{"embeddable":true,"href":"https:\/\/www.viajandoamiritmo.com\/index.php?rest_route=\/wp\/v2\/users\/1"}],"replies":[{"embeddable":true,"href":"https:\/\/www.viajandoamiritmo.com\/index.php?rest_route=%2Fwp%2Fv2%2Fcomments&post=2307"}],"version-history":[{"count":4,"href":"https:\/\/www.viajandoamiritmo.com\/index.php?rest_route=\/wp\/v2\/posts\/2307\/revisions"}],"predecessor-version":[{"id":2326,"href":"https:\/\/www.viajandoamiritmo.com\/index.php?rest_route=\/wp\/v2\/posts\/2307\/revisions\/2326"}],"wp:featuredmedia":[{"embeddable":true,"href":"https:\/\/www.viajandoamiritmo.com\/index.php?rest_route=\/wp\/v2\/media\/2315"}],"wp:attachment":[{"href":"https:\/\/www.viajandoamiritmo.com\/index.php?rest_route=%2Fwp%2Fv2%2Fmedia&parent=2307"}],"wp:term":[{"taxonomy":"category","embeddable":true,"href":"https:\/\/www.viajandoamiritmo.com\/index.php?rest_route=%2Fwp%2Fv2%2Fcategories&post=2307"},{"taxonomy":"post_tag","embeddable":true,"href":"https:\/\/www.viajandoamiritmo.com\/index.php?rest_route=%2Fwp%2Fv2%2Ftags&post=2307"}],"curies":[{"name":"wp","href":"https:\/\/api.w.org\/{rel}","templated":true}]}}