{"id":1939,"date":"2022-03-13T18:06:56","date_gmt":"2022-03-13T18:06:56","guid":{"rendered":"https:\/\/www.viajandoamiritmo.com\/?p=1939"},"modified":"2022-03-13T18:06:58","modified_gmt":"2022-03-13T18:06:58","slug":"41-miradores-gratis-donde-ver-atardecer-en-lisboa","status":"publish","type":"post","link":"https:\/\/www.viajandoamiritmo.com\/?p=1939","title":{"rendered":"4+1 MIRADORES GRATIS D\u00d3NDE VER ATARDECER                         EN LISBOA"},"content":{"rendered":"\n<p>Lisboa se extiende sobre 7 colinas, miradores naturales que ofrecen unas vistas maravillosas.<\/p>\n\n\n\n<p>En este post te voy a hablar de 5 miradores de la ciudad, d\u00f3nde puedes ver el atardecer de forma gratuita y sin desplazarte demasiado. Yo los visit\u00e9 todos la misma tarde, uno detr\u00e1s de otro, jejeje.<\/p>\n\n\n\n\n\n\n\n<p class=\"has-medium-font-size\"><strong>MIRADOR SANTA LUC\u00cdA<\/strong><\/p>\n\n\n\n<p>En el barrio de la Alfama, El Mirador de Santa Luc\u00eda es el m\u00e1s popular de la ciudad y, como consecuencia, est\u00e1 lleno de gente.<\/p>\n\n\n\n<p>Desde all\u00ed se pueden observar los barcos que vienen y van y los lugares m\u00e1s t\u00edpicos de la ciudad .<\/p>\n\n\n\n<p>Adem\u00e1s toda \u201cla esencia\u201d del lugar es preciosa, con esos azulejos blancos y azules y las plantas que lo rodean.<\/p>\n\n\n\n<p>Nosotras fue al primero que fuimos, ya que es el primero que te encuentras, y est\u00e1 abarrotado, aunque si esperas un poco la gente se dispersa.<\/p>\n\n\n\n<figure class=\"wp-block-image size-large\"><a href=\"http:\/\/www.viajandoamiritmo.com\/wp-content\/uploads\/2022\/03\/IMG_3138.jpg\"><img fetchpriority=\"high\" decoding=\"async\" width=\"1170\" height=\"730\" src=\"http:\/\/www.viajandoamiritmo.com\/wp-content\/uploads\/2022\/03\/IMG_3138-1170x730.jpg\" alt=\"\" class=\"wp-image-1941\"\/><\/a><figcaption>Mirador Santa Luc\u00eda<\/figcaption><\/figure>\n\n\n\n<div class=\"wp-block-columns is-layout-flex wp-container-core-columns-is-layout-1 wp-block-columns-is-layout-flex\">\n<div class=\"wp-block-column is-layout-flow wp-block-column-is-layout-flow\">\n<figure class=\"wp-block-image size-full is-resized\"><a href=\"http:\/\/www.viajandoamiritmo.com\/wp-content\/uploads\/2022\/03\/IMG_9936_jpg-scaled.jpg\"><img decoding=\"async\" src=\"https:\/\/www.viajandoamiritmo.com\/wp-content\/uploads\/2022\/03\/IMG_9936_jpg-scaled.jpg\" alt=\"\" class=\"wp-image-1948\" width=\"281\" height=\"374\" srcset=\"https:\/\/www.viajandoamiritmo.com\/wp-content\/uploads\/2022\/03\/IMG_9936_jpg-scaled.jpg 1920w, https:\/\/www.viajandoamiritmo.com\/wp-content\/uploads\/2022\/03\/IMG_9936_jpg-768x1024.jpg 768w, https:\/\/www.viajandoamiritmo.com\/wp-content\/uploads\/2022\/03\/IMG_9936_jpg-1152x1536.jpg 1152w, https:\/\/www.viajandoamiritmo.com\/wp-content\/uploads\/2022\/03\/IMG_9936_jpg-1536x2048.jpg 1536w, https:\/\/www.viajandoamiritmo.com\/wp-content\/uploads\/2022\/03\/IMG_9936_jpg-585x780.jpg 585w\" sizes=\"(max-width: 281px) 100vw, 281px\" \/><\/a><figcaption>Mirador Santa Luc\u00eda<\/figcaption><\/figure>\n<\/div>\n\n\n\n<div class=\"wp-block-column is-layout-flow wp-block-column-is-layout-flow\">\n<figure class=\"wp-block-image size-full is-resized\"><a href=\"http:\/\/www.viajandoamiritmo.com\/wp-content\/uploads\/2022\/03\/IMG_9931.jpg\"><img decoding=\"async\" src=\"https:\/\/www.viajandoamiritmo.com\/wp-content\/uploads\/2022\/03\/IMG_9931.jpg\" alt=\"\" class=\"wp-image-1947\" width=\"282\" height=\"376\" srcset=\"https:\/\/www.viajandoamiritmo.com\/wp-content\/uploads\/2022\/03\/IMG_9931.jpg 1536w, https:\/\/www.viajandoamiritmo.com\/wp-content\/uploads\/2022\/03\/IMG_9931-768x1024.jpg 768w, https:\/\/www.viajandoamiritmo.com\/wp-content\/uploads\/2022\/03\/IMG_9931-1152x1536.jpg 1152w, https:\/\/www.viajandoamiritmo.com\/wp-content\/uploads\/2022\/03\/IMG_9931-585x780.jpg 585w\" sizes=\"(max-width: 282px) 100vw, 282px\" \/><\/a><figcaption>Mirador Santa Luc\u00eda<\/figcaption><\/figure>\n<\/div>\n<\/div>\n\n\n\n<p class=\"has-medium-font-size\"><strong>MIRADOR PORTAS DO SOL<\/strong><\/p>\n\n\n\n<p>Si seguimos andando un poquito hacia arriba, nos encontramos el Mirador Portas Do Sol, situado tambi\u00e9n en el barrio de la Alfama.<\/p>\n\n\n\n<p>Su nombre&nbsp; homenajea una de las siete puertas, la Puerta del Sol, de la antigua ciudad \u00e1rabe.<\/p>\n\n\n\n<p>Desde aqu\u00ed se pueden observar unas vistas preciosas de la Iglesia de San Vicente, rodeada de las casas color pastel.<\/p>\n\n\n\n<figure class=\"wp-block-image size-full is-resized\"><a href=\"http:\/\/www.viajandoamiritmo.com\/wp-content\/uploads\/2022\/03\/IMG_9961.jpg\"><img loading=\"lazy\" decoding=\"async\" src=\"https:\/\/www.viajandoamiritmo.com\/wp-content\/uploads\/2022\/03\/IMG_9961.jpg\" alt=\"\" class=\"wp-image-1950\" width=\"737\" height=\"553\" srcset=\"https:\/\/www.viajandoamiritmo.com\/wp-content\/uploads\/2022\/03\/IMG_9961.jpg 2048w, https:\/\/www.viajandoamiritmo.com\/wp-content\/uploads\/2022\/03\/IMG_9961-768x576.jpg 768w, https:\/\/www.viajandoamiritmo.com\/wp-content\/uploads\/2022\/03\/IMG_9961-1536x1152.jpg 1536w, https:\/\/www.viajandoamiritmo.com\/wp-content\/uploads\/2022\/03\/IMG_9961-585x439.jpg 585w\" sizes=\"(max-width: 737px) 100vw, 737px\" \/><\/a><figcaption>Mirador Portas Do Sol<\/figcaption><\/figure>\n\n\n\n\n\n\n\n<p class=\"has-medium-font-size\"><strong>MIRADOR DE GRA\u00c7A<\/strong><\/p>\n\n\n\n<p>El Mirador de Gra\u00e7a o Mirador de Gracia se llama as\u00ed por la iglesia que tiene justo al lado.&nbsp;<\/p>\n\n\n\n<p>Este es el mirador con m\u00e1s ambiente, situado en el barrio de Gra\u00e7a, pues tiene varias mesitas para tomar algo mientras ves atardecer, eso s\u00ed, tienes que llegar de los primeros, porque tambi\u00e9n es muy concurrido.<\/p>\n\n\n\n<p>Para llegar hasta \u00e9l tienes que subir una \u201cpeque\u00f1a\u201d cuesta, pero merece la pena, desde este mirador podemos ver todos los monumentos tur\u00edsticos de la ciudad.<\/p>\n\n\n\n<figure class=\"wp-block-image size-full is-resized\"><a href=\"http:\/\/www.viajandoamiritmo.com\/wp-content\/uploads\/2022\/03\/IMG_3150.jpg\"><img loading=\"lazy\" decoding=\"async\" src=\"https:\/\/www.viajandoamiritmo.com\/wp-content\/uploads\/2022\/03\/IMG_3150.jpg\" alt=\"\" class=\"wp-image-1943\" width=\"771\" height=\"578\" srcset=\"https:\/\/www.viajandoamiritmo.com\/wp-content\/uploads\/2022\/03\/IMG_3150.jpg 2048w, https:\/\/www.viajandoamiritmo.com\/wp-content\/uploads\/2022\/03\/IMG_3150-768x576.jpg 768w, https:\/\/www.viajandoamiritmo.com\/wp-content\/uploads\/2022\/03\/IMG_3150-1536x1152.jpg 1536w, https:\/\/www.viajandoamiritmo.com\/wp-content\/uploads\/2022\/03\/IMG_3150-585x439.jpg 585w\" sizes=\"(max-width: 771px) 100vw, 771px\" \/><\/a><figcaption>Mirador Da Gra\u00e7a<\/figcaption><\/figure>\n\n\n\n<p class=\"has-medium-font-size\"><strong>MIRADOR NUESTRA SE\u00d1ORA DEL MONTE<\/strong><\/p>\n\n\n\n<p>Para llegar al Mirador Nuestra Se\u00f1ora del Monte hay que subir una cuesta m\u00e1s alta que la anterior!<\/p>\n\n\n\n<p>Pero, tambi\u00e9n tiene su recompensa, ya que dese arriba tenemos unas vistas impresionantes.&nbsp;<\/p>\n\n\n\n<p>Es el mirador m\u00e1s alto de la ciudad de Lisboa, por eso desde aqu\u00ed podemos ver el Castillo de San Jorge, el Convento do Carmo, el Elevador de Santa Justa, las grandes avenidas, etc.<\/p>\n\n\n\n<p>Adem\u00e1s por ese motivo, tambi\u00e9n es el menos tur\u00edstico.<\/p>\n\n\n\n<figure class=\"wp-block-image size-large\"><a href=\"http:\/\/www.viajandoamiritmo.com\/wp-content\/uploads\/2022\/03\/IMG_3152.jpg\"><img loading=\"lazy\" decoding=\"async\" width=\"1170\" height=\"730\" src=\"http:\/\/www.viajandoamiritmo.com\/wp-content\/uploads\/2022\/03\/IMG_3152-1170x730.jpg\" alt=\"\" class=\"wp-image-1944\"\/><\/a><figcaption>Mirador Da Nossa Senhora do Monte<\/figcaption><\/figure>\n\n\n\n<p class=\"has-medium-font-size\"><strong>MIRADOR ELEVADOR DE SANTA JUSTA<\/strong><\/p>\n\n\n\n<p>Si s\u00ed, tambi\u00e9n es gratis.<\/p>\n\n\n\n<p>No hace falta subir por el elevador y pagar el ticket para poder acceder a la parte superior.<\/p>\n\n\n\n<p>Desde el convento do Carmo, hay una calle a su derecha que te da acceso a esta zona sin necesidad de pagar nada.<\/p>\n\n\n\n<figure class=\"wp-block-gallery has-nested-images columns-default is-cropped wp-block-gallery-1 is-layout-flex wp-block-gallery-is-layout-flex\">\n<figure class=\"wp-block-image size-large\"><img loading=\"lazy\" decoding=\"async\" width=\"1152\" height=\"2048\" data-id=\"1945\" src=\"http:\/\/www.viajandoamiritmo.com\/wp-content\/uploads\/2022\/03\/IMG_9907.jpg\" alt=\"\" class=\"wp-image-1945\" srcset=\"https:\/\/www.viajandoamiritmo.com\/wp-content\/uploads\/2022\/03\/IMG_9907.jpg 1152w, https:\/\/www.viajandoamiritmo.com\/wp-content\/uploads\/2022\/03\/IMG_9907-768x1365.jpg 768w, https:\/\/www.viajandoamiritmo.com\/wp-content\/uploads\/2022\/03\/IMG_9907-864x1536.jpg 864w, https:\/\/www.viajandoamiritmo.com\/wp-content\/uploads\/2022\/03\/IMG_9907-585x1040.jpg 585w\" sizes=\"(max-width: 1152px) 100vw, 1152px\" \/><figcaption>Elevador Santa Justa<\/figcaption><\/figure>\n\n\n\n<figure class=\"wp-block-image size-full\"><img loading=\"lazy\" decoding=\"async\" width=\"1536\" height=\"2048\" data-id=\"1946\" src=\"https:\/\/www.viajandoamiritmo.com\/wp-content\/uploads\/2022\/03\/IMG_9909.jpg\" alt=\"\" class=\"wp-image-1946\" srcset=\"https:\/\/www.viajandoamiritmo.com\/wp-content\/uploads\/2022\/03\/IMG_9909.jpg 1536w, https:\/\/www.viajandoamiritmo.com\/wp-content\/uploads\/2022\/03\/IMG_9909-768x1024.jpg 768w, https:\/\/www.viajandoamiritmo.com\/wp-content\/uploads\/2022\/03\/IMG_9909-1152x1536.jpg 1152w, https:\/\/www.viajandoamiritmo.com\/wp-content\/uploads\/2022\/03\/IMG_9909-585x780.jpg 585w\" sizes=\"(max-width: 1536px) 100vw, 1536px\" \/><figcaption>Elevador Santa Justa<\/figcaption><\/figure>\n\n\n\n<figure class=\"wp-block-image size-large\"><img loading=\"lazy\" decoding=\"async\" width=\"1536\" height=\"2048\" data-id=\"1940\" src=\"http:\/\/www.viajandoamiritmo.com\/wp-content\/uploads\/2022\/03\/IMG_3109.jpg\" alt=\"\" class=\"wp-image-1940\" srcset=\"https:\/\/www.viajandoamiritmo.com\/wp-content\/uploads\/2022\/03\/IMG_3109.jpg 1536w, https:\/\/www.viajandoamiritmo.com\/wp-content\/uploads\/2022\/03\/IMG_3109-768x1024.jpg 768w, https:\/\/www.viajandoamiritmo.com\/wp-content\/uploads\/2022\/03\/IMG_3109-1152x1536.jpg 1152w, https:\/\/www.viajandoamiritmo.com\/wp-content\/uploads\/2022\/03\/IMG_3109-585x780.jpg 585w\" sizes=\"(max-width: 1536px) 100vw, 1536px\" \/><figcaption>Elevador Santa Justa<\/figcaption><\/figure>\n<\/figure>\n\n\n\n<p>Y estos son los 5 miradores que vi en mi visita a la ciudad de Lisboa. Espero que pos haya gustado.<\/p>\n","protected":false},"excerpt":{"rendered":"<p>Lisboa se extiende sobre 7 colinas, miradores naturales que ofrecen unas vistas maravillosas. En este post te voy a hablar de 5 miradores de la ciudad, d\u00f3nde puedes ver el atardecer de forma gratuita y sin desplazarte demasiado. Yo los visit\u00e9 todos la misma tarde, uno detr\u00e1s de otro, jejeje. MIRADOR SANTA LUC\u00cdA En el<\/p>\n","protected":false},"author":1,"featured_media":1942,"comment_status":"open","ping_status":"open","sticky":false,"template":"","format":"standard","meta":{"footnotes":""},"categories":[10],"tags":[27,41,40,23],"class_list":["post-1939","post","type-post","status-publish","format-standard","has-post-thumbnail","hentry","category-travel","tag-europa","tag-lisboa","tag-portugal","tag-travel"],"yoast_head":"<!-- This site is optimized with the Yoast SEO plugin v24.4 - https:\/\/yoast.com\/wordpress\/plugins\/seo\/ -->\n<title>4+1 MIRADORES GRATIS D\u00d3NDE VER ATARDECER             EN LISBOA - Viajando a mi ritmo<\/title>\n<meta name=\"robots\" content=\"index, follow, max-snippet:-1, max-image-preview:large, max-video-preview:-1\" \/>\n<link rel=\"canonical\" href=\"https:\/\/www.viajandoamiritmo.com\/?p=1939\" \/>\n<meta property=\"og:locale\" content=\"es_ES\" \/>\n<meta property=\"og:type\" content=\"article\" \/>\n<meta property=\"og:title\" content=\"4+1 MIRADORES GRATIS D\u00d3NDE VER ATARDECER             EN LISBOA - Viajando a mi ritmo\" \/>\n<meta property=\"og:description\" content=\"Lisboa se extiende sobre 7 colinas, miradores naturales que ofrecen unas vistas maravillosas. En este post te voy a hablar de 5 miradores de la ciudad, d\u00f3nde puedes ver el atardecer de forma gratuita y sin desplazarte demasiado. Yo los visit\u00e9 todos la misma tarde, uno detr\u00e1s de otro, jejeje. MIRADOR SANTA LUC\u00cdA En el\" \/>\n<meta property=\"og:url\" content=\"https:\/\/www.viajandoamiritmo.com\/?p=1939\" \/>\n<meta property=\"og:site_name\" content=\"Viajando a mi ritmo\" \/>\n<meta property=\"article:published_time\" content=\"2022-03-13T18:06:56+00:00\" \/>\n<meta property=\"article:modified_time\" content=\"2022-03-13T18:06:58+00:00\" \/>\n<meta property=\"og:image\" content=\"http:\/\/www.viajandoamiritmo.com\/wp-content\/uploads\/2022\/03\/IMG_3140-scaled.jpg\" \/>\n\t<meta property=\"og:image:width\" content=\"1920\" \/>\n\t<meta property=\"og:image:height\" content=\"2560\" \/>\n\t<meta property=\"og:image:type\" content=\"image\/jpeg\" \/>\n<meta name=\"author\" content=\"GEMMA\" \/>\n<meta name=\"twitter:card\" content=\"summary_large_image\" \/>\n<meta name=\"twitter:label1\" content=\"Escrito por\" \/>\n\t<meta name=\"twitter:data1\" content=\"GEMMA\" \/>\n\t<meta name=\"twitter:label2\" content=\"Tiempo de lectura\" \/>\n\t<meta name=\"twitter:data2\" content=\"3 minutos\" \/>\n<script type=\"application\/ld+json\" class=\"yoast-schema-graph\">{\"@context\":\"https:\/\/schema.org\",\"@graph\":[{\"@type\":\"WebPage\",\"@id\":\"https:\/\/www.viajandoamiritmo.com\/?p=1939\",\"url\":\"https:\/\/www.viajandoamiritmo.com\/?p=1939\",\"name\":\"4+1 MIRADORES GRATIS D\u00d3NDE VER ATARDECER EN LISBOA - Viajando a mi ritmo\",\"isPartOf\":{\"@id\":\"https:\/\/www.viajandoamiritmo.com\/#website\"},\"primaryImageOfPage\":{\"@id\":\"https:\/\/www.viajandoamiritmo.com\/?p=1939#primaryimage\"},\"image\":{\"@id\":\"https:\/\/www.viajandoamiritmo.com\/?p=1939#primaryimage\"},\"thumbnailUrl\":\"https:\/\/www.viajandoamiritmo.com\/wp-content\/uploads\/2022\/03\/IMG_3140-scaled.jpg\",\"datePublished\":\"2022-03-13T18:06:56+00:00\",\"dateModified\":\"2022-03-13T18:06:58+00:00\",\"author\":{\"@id\":\"https:\/\/www.viajandoamiritmo.com\/#\/schema\/person\/9e83e33396d592c459870ec2313c690d\"},\"breadcrumb\":{\"@id\":\"https:\/\/www.viajandoamiritmo.com\/?p=1939#breadcrumb\"},\"inLanguage\":\"es\",\"potentialAction\":[{\"@type\":\"ReadAction\",\"target\":[\"https:\/\/www.viajandoamiritmo.com\/?p=1939\"]}]},{\"@type\":\"ImageObject\",\"inLanguage\":\"es\",\"@id\":\"https:\/\/www.viajandoamiritmo.com\/?p=1939#primaryimage\",\"url\":\"https:\/\/www.viajandoamiritmo.com\/wp-content\/uploads\/2022\/03\/IMG_3140-scaled.jpg\",\"contentUrl\":\"https:\/\/www.viajandoamiritmo.com\/wp-content\/uploads\/2022\/03\/IMG_3140-scaled.jpg\",\"width\":1920,\"height\":2560},{\"@type\":\"BreadcrumbList\",\"@id\":\"https:\/\/www.viajandoamiritmo.com\/?p=1939#breadcrumb\",\"itemListElement\":[{\"@type\":\"ListItem\",\"position\":1,\"name\":\"Portada\",\"item\":\"https:\/\/www.viajandoamiritmo.com\/\"},{\"@type\":\"ListItem\",\"position\":2,\"name\":\"4+1 MIRADORES GRATIS D\u00d3NDE VER ATARDECER EN LISBOA\"}]},{\"@type\":\"WebSite\",\"@id\":\"https:\/\/www.viajandoamiritmo.com\/#website\",\"url\":\"https:\/\/www.viajandoamiritmo.com\/\",\"name\":\"Viajando a mi ritmo\",\"description\":\"Blog de mis viajes y escapadas\",\"potentialAction\":[{\"@type\":\"SearchAction\",\"target\":{\"@type\":\"EntryPoint\",\"urlTemplate\":\"https:\/\/www.viajandoamiritmo.com\/?s={search_term_string}\"},\"query-input\":{\"@type\":\"PropertyValueSpecification\",\"valueRequired\":true,\"valueName\":\"search_term_string\"}}],\"inLanguage\":\"es\"},{\"@type\":\"Person\",\"@id\":\"https:\/\/www.viajandoamiritmo.com\/#\/schema\/person\/9e83e33396d592c459870ec2313c690d\",\"name\":\"GEMMA\",\"image\":{\"@type\":\"ImageObject\",\"inLanguage\":\"es\",\"@id\":\"https:\/\/www.viajandoamiritmo.com\/#\/schema\/person\/image\/\",\"url\":\"https:\/\/secure.gravatar.com\/avatar\/8882eda02361ba5a1e92e494205d4a27?s=96&d=mm&r=g\",\"contentUrl\":\"https:\/\/secure.gravatar.com\/avatar\/8882eda02361ba5a1e92e494205d4a27?s=96&d=mm&r=g\",\"caption\":\"GEMMA\"},\"url\":\"https:\/\/www.viajandoamiritmo.com\/?author=1\"}]}<\/script>\n<!-- \/ Yoast SEO plugin. -->","yoast_head_json":{"title":"4+1 MIRADORES GRATIS D\u00d3NDE VER ATARDECER             EN LISBOA - Viajando a mi ritmo","robots":{"index":"index","follow":"follow","max-snippet":"max-snippet:-1","max-image-preview":"max-image-preview:large","max-video-preview":"max-video-preview:-1"},"canonical":"https:\/\/www.viajandoamiritmo.com\/?p=1939","og_locale":"es_ES","og_type":"article","og_title":"4+1 MIRADORES GRATIS D\u00d3NDE VER ATARDECER             EN LISBOA - Viajando a mi ritmo","og_description":"Lisboa se extiende sobre 7 colinas, miradores naturales que ofrecen unas vistas maravillosas. En este post te voy a hablar de 5 miradores de la ciudad, d\u00f3nde puedes ver el atardecer de forma gratuita y sin desplazarte demasiado. Yo los visit\u00e9 todos la misma tarde, uno detr\u00e1s de otro, jejeje. MIRADOR SANTA LUC\u00cdA En el","og_url":"https:\/\/www.viajandoamiritmo.com\/?p=1939","og_site_name":"Viajando a mi ritmo","article_published_time":"2022-03-13T18:06:56+00:00","article_modified_time":"2022-03-13T18:06:58+00:00","og_image":[{"width":1920,"height":2560,"url":"http:\/\/www.viajandoamiritmo.com\/wp-content\/uploads\/2022\/03\/IMG_3140-scaled.jpg","type":"image\/jpeg"}],"author":"GEMMA","twitter_card":"summary_large_image","twitter_misc":{"Escrito por":"GEMMA","Tiempo de lectura":"3 minutos"},"schema":{"@context":"https:\/\/schema.org","@graph":[{"@type":"WebPage","@id":"https:\/\/www.viajandoamiritmo.com\/?p=1939","url":"https:\/\/www.viajandoamiritmo.com\/?p=1939","name":"4+1 MIRADORES GRATIS D\u00d3NDE VER ATARDECER EN LISBOA - Viajando a mi ritmo","isPartOf":{"@id":"https:\/\/www.viajandoamiritmo.com\/#website"},"primaryImageOfPage":{"@id":"https:\/\/www.viajandoamiritmo.com\/?p=1939#primaryimage"},"image":{"@id":"https:\/\/www.viajandoamiritmo.com\/?p=1939#primaryimage"},"thumbnailUrl":"https:\/\/www.viajandoamiritmo.com\/wp-content\/uploads\/2022\/03\/IMG_3140-scaled.jpg","datePublished":"2022-03-13T18:06:56+00:00","dateModified":"2022-03-13T18:06:58+00:00","author":{"@id":"https:\/\/www.viajandoamiritmo.com\/#\/schema\/person\/9e83e33396d592c459870ec2313c690d"},"breadcrumb":{"@id":"https:\/\/www.viajandoamiritmo.com\/?p=1939#breadcrumb"},"inLanguage":"es","potentialAction":[{"@type":"ReadAction","target":["https:\/\/www.viajandoamiritmo.com\/?p=1939"]}]},{"@type":"ImageObject","inLanguage":"es","@id":"https:\/\/www.viajandoamiritmo.com\/?p=1939#primaryimage","url":"https:\/\/www.viajandoamiritmo.com\/wp-content\/uploads\/2022\/03\/IMG_3140-scaled.jpg","contentUrl":"https:\/\/www.viajandoamiritmo.com\/wp-content\/uploads\/2022\/03\/IMG_3140-scaled.jpg","width":1920,"height":2560},{"@type":"BreadcrumbList","@id":"https:\/\/www.viajandoamiritmo.com\/?p=1939#breadcrumb","itemListElement":[{"@type":"ListItem","position":1,"name":"Portada","item":"https:\/\/www.viajandoamiritmo.com\/"},{"@type":"ListItem","position":2,"name":"4+1 MIRADORES GRATIS D\u00d3NDE VER ATARDECER EN LISBOA"}]},{"@type":"WebSite","@id":"https:\/\/www.viajandoamiritmo.com\/#website","url":"https:\/\/www.viajandoamiritmo.com\/","name":"Viajando a mi ritmo","description":"Blog de mis viajes y escapadas","potentialAction":[{"@type":"SearchAction","target":{"@type":"EntryPoint","urlTemplate":"https:\/\/www.viajandoamiritmo.com\/?s={search_term_string}"},"query-input":{"@type":"PropertyValueSpecification","valueRequired":true,"valueName":"search_term_string"}}],"inLanguage":"es"},{"@type":"Person","@id":"https:\/\/www.viajandoamiritmo.com\/#\/schema\/person\/9e83e33396d592c459870ec2313c690d","name":"GEMMA","image":{"@type":"ImageObject","inLanguage":"es","@id":"https:\/\/www.viajandoamiritmo.com\/#\/schema\/person\/image\/","url":"https:\/\/secure.gravatar.com\/avatar\/8882eda02361ba5a1e92e494205d4a27?s=96&d=mm&r=g","contentUrl":"https:\/\/secure.gravatar.com\/avatar\/8882eda02361ba5a1e92e494205d4a27?s=96&d=mm&r=g","caption":"GEMMA"},"url":"https:\/\/www.viajandoamiritmo.com\/?author=1"}]}},"_links":{"self":[{"href":"https:\/\/www.viajandoamiritmo.com\/index.php?rest_route=\/wp\/v2\/posts\/1939","targetHints":{"allow":["GET"]}}],"collection":[{"href":"https:\/\/www.viajandoamiritmo.com\/index.php?rest_route=\/wp\/v2\/posts"}],"about":[{"href":"https:\/\/www.viajandoamiritmo.com\/index.php?rest_route=\/wp\/v2\/types\/post"}],"author":[{"embeddable":true,"href":"https:\/\/www.viajandoamiritmo.com\/index.php?rest_route=\/wp\/v2\/users\/1"}],"replies":[{"embeddable":true,"href":"https:\/\/www.viajandoamiritmo.com\/index.php?rest_route=%2Fwp%2Fv2%2Fcomments&post=1939"}],"version-history":[{"count":4,"href":"https:\/\/www.viajandoamiritmo.com\/index.php?rest_route=\/wp\/v2\/posts\/1939\/revisions"}],"predecessor-version":[{"id":2211,"href":"https:\/\/www.viajandoamiritmo.com\/index.php?rest_route=\/wp\/v2\/posts\/1939\/revisions\/2211"}],"wp:featuredmedia":[{"embeddable":true,"href":"https:\/\/www.viajandoamiritmo.com\/index.php?rest_route=\/wp\/v2\/media\/1942"}],"wp:attachment":[{"href":"https:\/\/www.viajandoamiritmo.com\/index.php?rest_route=%2Fwp%2Fv2%2Fmedia&parent=1939"}],"wp:term":[{"taxonomy":"category","embeddable":true,"href":"https:\/\/www.viajandoamiritmo.com\/index.php?rest_route=%2Fwp%2Fv2%2Fcategories&post=1939"},{"taxonomy":"post_tag","embeddable":true,"href":"https:\/\/www.viajandoamiritmo.com\/index.php?rest_route=%2Fwp%2Fv2%2Ftags&post=1939"}],"curies":[{"name":"wp","href":"https:\/\/api.w.org\/{rel}","templated":true}]}}